{"id":128506,"date":"2024-08-27T04:27:29","date_gmt":"2024-08-27T11:27:29","guid":{"rendered":"https:\/\/www.vertigis.com\/?post_type=vertigis_blog&#038;p=128506"},"modified":"2025-09-01T01:08:45","modified_gmt":"2025-09-01T08:08:45","slug":"hamburg-und-bremen-folgen-berlin-in-die-cloud","status":"publish","type":"news","link":"https:\/\/www.vertigis.com\/de\/news\/hamburg-und-bremen-folgen-berlin-in-die-cloud\/","title":{"rendered":"Hamburg und Bremen folgen Berlin in die Cloud\u00a0"},"content":{"rendered":"\n<p><strong>VertiGIS \u00fcbernimmt Hosting der Katasterverfahren in der OTC<\/strong>&nbsp;<\/p>\n\n\n\n<p>Berlin hat es vorgemacht, nun z\u00fcnden auch Hamburg und Bremen gemeinsam die n\u00e4chste Digitalisierungsstufe: Ab 2025 starten der Landesbetrieb Geoinformation und Vermessung (LGV) in Hamburg und das Landesamt GeoInformation Bremen in einer Kooperation den neuen Betrieb ihrer amtlichen Geobasisdaten (3A-Verfahren) als Managed Cloud Service in der Open Telekom Cloud (OTC) von T-Systems. Das Hosting der IT-Infrastruktur, der Software, der Datenbanken und den fachlichen Support \u00fcbernimmt VertiGIS als alleiniger Dienstleister.&nbsp;&nbsp;<\/p>\n\n\n\n<p>Schon seit August 2021 nutzt die Berliner Senatsverwaltung f\u00fcr Stadtentwicklung, Bauen und Wohnen (SenStadt) das AFIS-ALKIS-ATKIS-Verfahren (AAA-Verfahren) der VertiGIS zur F\u00fchrung und Beauskunftung des Liegenschaftskatasters in der OTC. Der Managed-Service-Betrieb durch VertiGIS beinhaltet auch hier das Hosting der IT-Infrastruktur sowie der gesamten Software inklusive der Datenbanken und dem fachlichen Support. F\u00fcr die vier Teilfachverfahren AFIS, ALKIS und ATKIS und die Geobasisdaten online (APK) kommt die 3A-Software von VertiGIS zum Einsatz. Berlin war damit das erste Bundesland, das den Betrieb der AAA-Verfahren des Katasters, der Geotopographie und des Raumbezuges in der Cloud hostet.&nbsp;&nbsp;&nbsp;<\/p>\n\n\n\n<p>Mit Hamburg und Bremen setzen nun zwei weitere Bundesl\u00e4nder auf die hohen Standards der VertiGIS bez\u00fcglich Sicherheit und Datenschutz. Die Managed Services der VertiGIS haben f\u00fcr die Stadtstaaten viele Vorteile: So k\u00f6nnen durch die Verbindung von IT- und Fachwissen neue Softwareversionen schneller ausgerollt werden. Aufw\u00e4ndige Abstimmungsprozesse entfallen und fachliche Belange werden effizient und zeitnah in den AAA-Verfahren umgesetzt. In Berlin haben die Verantwortlichen schon wenige Monate nach Produktivsetzung von deutlich sp\u00fcrbaren Effizienzgewinnen berichtet.&nbsp;&nbsp;<\/p>\n\n\n\n<p>\u201eDurch die gemeinsame Nutzung erwarten wir vielf\u00e4ltige Synergien. Indem wir z. B. l\u00e4nderspezifische Anforderungen reduzieren und IT-Infrastrukturen sukzessive zusammenf\u00fchren, sparen wir Hardwarekosten und reduzieren personellen Betreuungsaufwand. Und nat\u00fcrlich profitieren wir alle davon, unsere Erfahrungen und Erkenntnisse auszutauschen und den technologischen Fortschritt gemeinsam voranzutreiben\u201c, sagt Dr. Sarah Tesmer, Abteilungsleitung Landesamt GeoInformation Bremen.&nbsp;<\/p>\n\n\n\n<p>So bleibt mehr Zeit, neue Ideen und Anforderungen umzusetzen, um die amtlichen Geodaten in innovativen Projekten einzusetzen. Denn nur mit aktuellen Geodaten in schnellen und vernetzten Systemen l\u00e4sst sich die reale Welt in Digitalen Zwillingen abbilden. \u201eUnd genau das brauchen wir f\u00fcr viele Analysen und Simulationen, um die Probleme von heute aufzuzeigen und die Welt von morgen besser zu machen\u201c, sagt Doris Carstensen, Gesch\u00e4ftsbereichsleitung Geobasisinformationen beim LGV.&nbsp;&nbsp;<\/p>\n\n\n\n<div style=\"height:30px\" aria-hidden=\"true\" class=\"wp-block-spacer\"><\/div>\n\n\n\n<div class=\"wp-block-media-text is-stacked-on-mobile\"><figure class=\"wp-block-media-text__media\"><img loading=\"lazy\" decoding=\"async\" width=\"699\" height=\"1024\" src=\"https:\/\/www.vertigis.com\/wp-content\/uploads\/2024\/08\/Berlin-Bremen-Hamburg-699x1024.jpg\" alt=\"Cloud Berlin Bremen Hamburg\" class=\"wp-image-128507 size-full\" srcset=\"https:\/\/www.vertigis.com\/wp-content\/uploads\/2024\/08\/Berlin-Bremen-Hamburg-699x1024.jpg 699w, https:\/\/www.vertigis.com\/wp-content\/uploads\/2024\/08\/Berlin-Bremen-Hamburg-205x300.jpg 205w, https:\/\/www.vertigis.com\/wp-content\/uploads\/2024\/08\/Berlin-Bremen-Hamburg-1048x1536.jpg 1048w, https:\/\/www.vertigis.com\/wp-content\/uploads\/2024\/08\/Berlin-Bremen-Hamburg-1397x2048.jpg 1397w, https:\/\/www.vertigis.com\/wp-content\/uploads\/2024\/08\/Berlin-Bremen-Hamburg-273x400.jpg 273w, https:\/\/www.vertigis.com\/wp-content\/uploads\/2024\/08\/Berlin-Bremen-Hamburg-546x800.jpg 546w, https:\/\/www.vertigis.com\/wp-content\/uploads\/2024\/08\/Berlin-Bremen-Hamburg-819x1200.jpg 819w, https:\/\/www.vertigis.com\/wp-content\/uploads\/2024\/08\/Berlin-Bremen-Hamburg-1091x1600.jpg 1091w, https:\/\/www.vertigis.com\/wp-content\/uploads\/2024\/08\/Berlin-Bremen-Hamburg-1351x1980.jpg 1351w, https:\/\/www.vertigis.com\/wp-content\/uploads\/2024\/08\/Berlin-Bremen-Hamburg-scaled.jpg 1746w\" sizes=\"auto, (max-width: 699px) 100vw, 699px\" \/><\/figure><div class=\"wp-block-media-text__content\">\n<p>Die drei verantwortlichen Kolleginnen Anette Blaser (SenStadt Berlin, rechts), Dr. Sarah Tesmer (Landesamt GeoInformation Bremen, links) und Doris Carstensen (LGV Hamburg, Mitte) treiben die Digitalisierung in ihren Verwaltungen voran. Alle drei Stadtstaaten betreiben ihre Katasterdaten k\u00fcnftig mit VertiGIS in der OTC.<\/p>\n\n\n\n<p>Bild: LGV Hamburg&nbsp;<\/p>\n<\/div><\/div>\n","protected":false},"featured_media":6986,"parent":0,"template":"","meta":{"_acf_changed":false,"_EventAllDay":false,"_EventTimezone":"","_EventStartDate":"","_EventEndDate":"","_EventStartDateUTC":"","_EventEndDateUTC":"","_EventShowMap":false,"_EventShowMapLink":false,"_EventURL":"","_EventCost":"","_EventCostDescription":"","_EventCurrencySymbol":"","_EventCurrencyCode":"","_EventCurrencyPosition":"","_EventDateTimeSeparator":"","_EventTimeRangeSeparator":"","_EventOrganizerID":[],"_EventVenueID":[],"_OrganizerEmail":"","_OrganizerPhone":"","_OrganizerWebsite":"","_VenueAddress":"","_VenueCity":"","_VenueCountry":"","_VenueProvince":"","_VenueState":"","_VenueZip":"","_VenuePhone":"","_VenueURL":"","_VenueStateProvince":"","_VenueLat":"","_VenueLng":"","_VenueShowMap":false,"_VenueShowMapLink":false},"industry":[386],"product":[],"class_list":["post-128506","news","type-news","status-publish","has-post-thumbnail","hentry","industry-oeffentliche-verwaltung"],"acf":[],"yoast_head":"<!-- This site is optimized with the Yoast SEO Premium plugin v27.3 (Yoast SEO v27.3) - https:\/\/yoast.com\/product\/yoast-seo-premium-wordpress\/ -->\n<title>Hamburg und Bremen folgen Berlin in die Cloud\u00a0 - VertiGIS<\/title>\n<meta name=\"description\" content=\"VertiGIS \u00fcbernimmt Hosting der Katasterverfahren in der OTC\u00a0\" \/>\n<meta name=\"robots\" content=\"index, follow, max-snippet:-1, max-image-preview:large, max-video-preview:-1\" \/>\n<link rel=\"canonical\" href=\"https:\/\/www.vertigis.com\/de\/news\/hamburg-und-bremen-folgen-berlin-in-die-cloud\/\" \/>\n<meta property=\"og:locale\" content=\"de_DE\" \/>\n<meta property=\"og:type\" content=\"article\" \/>\n<meta property=\"og:title\" content=\"Hamburg und Bremen folgen Berlin in die Cloud\u00a0\" \/>\n<meta property=\"og:description\" content=\"VertiGIS \u00fcbernimmt Hosting der Katasterverfahren in der OTC\u00a0\" \/>\n<meta property=\"og:url\" content=\"https:\/\/www.vertigis.com\/de\/news\/hamburg-und-bremen-folgen-berlin-in-die-cloud\/\" \/>\n<meta property=\"og:site_name\" content=\"VertiGIS\" \/>\n<meta property=\"article:modified_time\" content=\"2025-09-01T08:08:45+00:00\" \/>\n<meta property=\"og:image\" content=\"https:\/\/www.vertigis.com\/wp-content\/uploads\/2022\/05\/shutterstock_300344546-scaled.jpg\" \/>\n\t<meta property=\"og:image:width\" content=\"2560\" \/>\n\t<meta property=\"og:image:height\" content=\"1792\" \/>\n\t<meta property=\"og:image:type\" content=\"image\/jpeg\" \/>\n<meta name=\"twitter:card\" content=\"summary_large_image\" \/>\n<meta name=\"twitter:label1\" content=\"Gesch\u00e4tzte Lesezeit\" \/>\n\t<meta name=\"twitter:data1\" content=\"3\u00a0Minuten\" \/>\n<script type=\"application\/ld+json\" class=\"yoast-schema-graph\">{\"@context\":\"https:\\\/\\\/schema.org\",\"@graph\":[{\"@type\":\"WebPage\",\"@id\":\"https:\\\/\\\/www.vertigis.com\\\/de\\\/news\\\/hamburg-und-bremen-folgen-berlin-in-die-cloud\\\/\",\"url\":\"https:\\\/\\\/www.vertigis.com\\\/de\\\/news\\\/hamburg-und-bremen-folgen-berlin-in-die-cloud\\\/\",\"name\":\"Hamburg und Bremen folgen Berlin in die Cloud\u00a0 - VertiGIS\",\"isPartOf\":{\"@id\":\"https:\\\/\\\/www.vertigis.com\\\/de\\\/#website\"},\"primaryImageOfPage\":{\"@id\":\"https:\\\/\\\/www.vertigis.com\\\/de\\\/news\\\/hamburg-und-bremen-folgen-berlin-in-die-cloud\\\/#primaryimage\"},\"image\":{\"@id\":\"https:\\\/\\\/www.vertigis.com\\\/de\\\/news\\\/hamburg-und-bremen-folgen-berlin-in-die-cloud\\\/#primaryimage\"},\"thumbnailUrl\":\"https:\\\/\\\/www.vertigis.com\\\/wp-content\\\/uploads\\\/2022\\\/05\\\/shutterstock_300344546-scaled.jpg\",\"datePublished\":\"2024-08-27T11:27:29+00:00\",\"dateModified\":\"2025-09-01T08:08:45+00:00\",\"description\":\"VertiGIS \u00fcbernimmt Hosting der Katasterverfahren in der OTC\u00a0\",\"breadcrumb\":{\"@id\":\"https:\\\/\\\/www.vertigis.com\\\/de\\\/news\\\/hamburg-und-bremen-folgen-berlin-in-die-cloud\\\/#breadcrumb\"},\"inLanguage\":\"de\",\"potentialAction\":[{\"@type\":\"ReadAction\",\"target\":[\"https:\\\/\\\/www.vertigis.com\\\/de\\\/news\\\/hamburg-und-bremen-folgen-berlin-in-die-cloud\\\/\"]}]},{\"@type\":\"ImageObject\",\"inLanguage\":\"de\",\"@id\":\"https:\\\/\\\/www.vertigis.com\\\/de\\\/news\\\/hamburg-und-bremen-folgen-berlin-in-die-cloud\\\/#primaryimage\",\"url\":\"https:\\\/\\\/www.vertigis.com\\\/wp-content\\\/uploads\\\/2022\\\/05\\\/shutterstock_300344546-scaled.jpg\",\"contentUrl\":\"https:\\\/\\\/www.vertigis.com\\\/wp-content\\\/uploads\\\/2022\\\/05\\\/shutterstock_300344546-scaled.jpg\",\"width\":2560,\"height\":1792},{\"@type\":\"BreadcrumbList\",\"@id\":\"https:\\\/\\\/www.vertigis.com\\\/de\\\/news\\\/hamburg-und-bremen-folgen-berlin-in-die-cloud\\\/#breadcrumb\",\"itemListElement\":[{\"@type\":\"ListItem\",\"position\":1,\"name\":\"News Posts\",\"item\":\"https:\\\/\\\/www.vertigis.com\\\/de\\\/news\\\/\"},{\"@type\":\"ListItem\",\"position\":2,\"name\":\"Hamburg und Bremen folgen Berlin in die Cloud\u00a0\"}]},{\"@type\":\"WebSite\",\"@id\":\"https:\\\/\\\/www.vertigis.com\\\/de\\\/#website\",\"url\":\"https:\\\/\\\/www.vertigis.com\\\/de\\\/\",\"name\":\"VertiGIS\",\"description\":\"Solutions designed with your purpose in mind\",\"publisher\":{\"@id\":\"https:\\\/\\\/www.vertigis.com\\\/de\\\/#organization\"},\"potentialAction\":[{\"@type\":\"SearchAction\",\"target\":{\"@type\":\"EntryPoint\",\"urlTemplate\":\"https:\\\/\\\/www.vertigis.com\\\/de\\\/?s={search_term_string}\"},\"query-input\":{\"@type\":\"PropertyValueSpecification\",\"valueRequired\":true,\"valueName\":\"search_term_string\"}}],\"inLanguage\":\"de\"},{\"@type\":\"Organization\",\"@id\":\"https:\\\/\\\/www.vertigis.com\\\/de\\\/#organization\",\"name\":\"VertiGIS\",\"url\":\"https:\\\/\\\/www.vertigis.com\\\/de\\\/\",\"logo\":{\"@type\":\"ImageObject\",\"inLanguage\":\"de\",\"@id\":\"https:\\\/\\\/www.vertigis.com\\\/de\\\/#\\\/schema\\\/logo\\\/image\\\/\",\"url\":\"https:\\\/\\\/www.vertigis.com\\\/wp-content\\\/uploads\\\/2025\\\/07\\\/VertiGIS-Studio-Logo-1-1.png\",\"contentUrl\":\"https:\\\/\\\/www.vertigis.com\\\/wp-content\\\/uploads\\\/2025\\\/07\\\/VertiGIS-Studio-Logo-1-1.png\",\"width\":823,\"height\":127,\"caption\":\"VertiGIS\"},\"image\":{\"@id\":\"https:\\\/\\\/www.vertigis.com\\\/de\\\/#\\\/schema\\\/logo\\\/image\\\/\"}}]}<\/script>\n<!-- \/ Yoast SEO Premium plugin. -->","yoast_head_json":{"title":"Hamburg und Bremen folgen Berlin in die Cloud\u00a0 - VertiGIS","description":"VertiGIS \u00fcbernimmt Hosting der Katasterverfahren in der OTC\u00a0","robots":{"index":"index","follow":"follow","max-snippet":"max-snippet:-1","max-image-preview":"max-image-preview:large","max-video-preview":"max-video-preview:-1"},"canonical":"https:\/\/www.vertigis.com\/de\/news\/hamburg-und-bremen-folgen-berlin-in-die-cloud\/","og_locale":"de_DE","og_type":"article","og_title":"Hamburg und Bremen folgen Berlin in die Cloud\u00a0","og_description":"VertiGIS \u00fcbernimmt Hosting der Katasterverfahren in der OTC\u00a0","og_url":"https:\/\/www.vertigis.com\/de\/news\/hamburg-und-bremen-folgen-berlin-in-die-cloud\/","og_site_name":"VertiGIS","article_modified_time":"2025-09-01T08:08:45+00:00","og_image":[{"width":2560,"height":1792,"url":"https:\/\/www.vertigis.com\/wp-content\/uploads\/2022\/05\/shutterstock_300344546-scaled.jpg","type":"image\/jpeg"}],"twitter_card":"summary_large_image","twitter_misc":{"Gesch\u00e4tzte Lesezeit":"3\u00a0Minuten"},"schema":{"@context":"https:\/\/schema.org","@graph":[{"@type":"WebPage","@id":"https:\/\/www.vertigis.com\/de\/news\/hamburg-und-bremen-folgen-berlin-in-die-cloud\/","url":"https:\/\/www.vertigis.com\/de\/news\/hamburg-und-bremen-folgen-berlin-in-die-cloud\/","name":"Hamburg und Bremen folgen Berlin in die Cloud\u00a0 - VertiGIS","isPartOf":{"@id":"https:\/\/www.vertigis.com\/de\/#website"},"primaryImageOfPage":{"@id":"https:\/\/www.vertigis.com\/de\/news\/hamburg-und-bremen-folgen-berlin-in-die-cloud\/#primaryimage"},"image":{"@id":"https:\/\/www.vertigis.com\/de\/news\/hamburg-und-bremen-folgen-berlin-in-die-cloud\/#primaryimage"},"thumbnailUrl":"https:\/\/www.vertigis.com\/wp-content\/uploads\/2022\/05\/shutterstock_300344546-scaled.jpg","datePublished":"2024-08-27T11:27:29+00:00","dateModified":"2025-09-01T08:08:45+00:00","description":"VertiGIS \u00fcbernimmt Hosting der Katasterverfahren in der OTC\u00a0","breadcrumb":{"@id":"https:\/\/www.vertigis.com\/de\/news\/hamburg-und-bremen-folgen-berlin-in-die-cloud\/#breadcrumb"},"inLanguage":"de","potentialAction":[{"@type":"ReadAction","target":["https:\/\/www.vertigis.com\/de\/news\/hamburg-und-bremen-folgen-berlin-in-die-cloud\/"]}]},{"@type":"ImageObject","inLanguage":"de","@id":"https:\/\/www.vertigis.com\/de\/news\/hamburg-und-bremen-folgen-berlin-in-die-cloud\/#primaryimage","url":"https:\/\/www.vertigis.com\/wp-content\/uploads\/2022\/05\/shutterstock_300344546-scaled.jpg","contentUrl":"https:\/\/www.vertigis.com\/wp-content\/uploads\/2022\/05\/shutterstock_300344546-scaled.jpg","width":2560,"height":1792},{"@type":"BreadcrumbList","@id":"https:\/\/www.vertigis.com\/de\/news\/hamburg-und-bremen-folgen-berlin-in-die-cloud\/#breadcrumb","itemListElement":[{"@type":"ListItem","position":1,"name":"News Posts","item":"https:\/\/www.vertigis.com\/de\/news\/"},{"@type":"ListItem","position":2,"name":"Hamburg und Bremen folgen Berlin in die Cloud\u00a0"}]},{"@type":"WebSite","@id":"https:\/\/www.vertigis.com\/de\/#website","url":"https:\/\/www.vertigis.com\/de\/","name":"VertiGIS","description":"Solutions designed with your purpose in mind","publisher":{"@id":"https:\/\/www.vertigis.com\/de\/#organization"},"potentialAction":[{"@type":"SearchAction","target":{"@type":"EntryPoint","urlTemplate":"https:\/\/www.vertigis.com\/de\/?s={search_term_string}"},"query-input":{"@type":"PropertyValueSpecification","valueRequired":true,"valueName":"search_term_string"}}],"inLanguage":"de"},{"@type":"Organization","@id":"https:\/\/www.vertigis.com\/de\/#organization","name":"VertiGIS","url":"https:\/\/www.vertigis.com\/de\/","logo":{"@type":"ImageObject","inLanguage":"de","@id":"https:\/\/www.vertigis.com\/de\/#\/schema\/logo\/image\/","url":"https:\/\/www.vertigis.com\/wp-content\/uploads\/2025\/07\/VertiGIS-Studio-Logo-1-1.png","contentUrl":"https:\/\/www.vertigis.com\/wp-content\/uploads\/2025\/07\/VertiGIS-Studio-Logo-1-1.png","width":823,"height":127,"caption":"VertiGIS"},"image":{"@id":"https:\/\/www.vertigis.com\/de\/#\/schema\/logo\/image\/"}}]}},"_links":{"self":[{"href":"https:\/\/www.vertigis.com\/de\/wp-json\/wp\/v2\/news\/128506","targetHints":{"allow":["GET"]}}],"collection":[{"href":"https:\/\/www.vertigis.com\/de\/wp-json\/wp\/v2\/news"}],"about":[{"href":"https:\/\/www.vertigis.com\/de\/wp-json\/wp\/v2\/types\/news"}],"wp:featuredmedia":[{"embeddable":true,"href":"https:\/\/www.vertigis.com\/de\/wp-json\/wp\/v2\/media\/6986"}],"wp:attachment":[{"href":"https:\/\/www.vertigis.com\/de\/wp-json\/wp\/v2\/media?parent=128506"}],"wp:term":[{"taxonomy":"industry","embeddable":true,"href":"https:\/\/www.vertigis.com\/de\/wp-json\/wp\/v2\/industry?post=128506"},{"taxonomy":"product","embeddable":true,"href":"https:\/\/www.vertigis.com\/de\/wp-json\/wp\/v2\/product?post=128506"}],"curies":[{"name":"wp","href":"https:\/\/api.w.org\/{rel}","templated":true}]}}