{"id":140053,"date":"2026-09-01T00:14:05","date_gmt":"2026-09-01T07:14:05","guid":{"rendered":"https:\/\/www.vertigis.com\/?post_type=news&#038;p=140053"},"modified":"2026-09-01T00:14:09","modified_gmt":"2026-09-01T07:14:09","slug":"niedersachsen-laeutet-neue-aera-im-betrieb-von-geobasisdaten-ein","status":"publish","type":"news","link":"https:\/\/www.vertigis.com\/de\/news\/niedersachsen-laeutet-neue-aera-im-betrieb-von-geobasisdaten-ein\/","title":{"rendered":"Niedersachsen l\u00e4utet neue \u00c4ra im Betrieb von Geobasisdaten ein"},"content":{"rendered":"\n<p class=\"wp-block-paragraph\"><strong>VertiGIS LM Cloud schafft sichere Grundlage f\u00fcr digitale Verwaltung beim LGLN<\/strong><\/p>\n\n\n\n<p class=\"wp-block-paragraph\">Das Landesamt f\u00fcr Geoinformation und Landesvermessung Niedersachsen (LGLN) hat sich nach einem umfassenden Auswahl- und Abstimmungsprozess f\u00fcr die VertiGIS LM Cloud und umfassende Managed Cloud Services von VertiGIS entschieden. Die Landesbeh\u00f6rde positioniert sich damit klar als Vorreiter in der Nutzung hochsicherer Cloud-Technologien f\u00fcr den Betrieb kritischer Geobasisdaten und setzt einen richtungsweisenden Schritt in Richtung einer vollst\u00e4ndig modernen, digitalen und zukunftsf\u00e4higen Verwaltungs-IT. Gemeinsam mit VertiGIS entsteht ein Referenzprojekt f\u00fcr moderne Government-Cloud-Architekturen im \u00f6ffentlichen Sektor.<\/p>\n\n\n\n<p class=\"wp-block-paragraph\">Im Rahmen des Gro\u00dfprojekts verantwortet VertiGIS f\u00fcr einen Zeitraum von f\u00fcnf Jahren den Aufbau und Betrieb der leistungsstarken VertiGIS LM Cloud. Alle Geobasisdaten des Landes Niedersachsen werden dabei vollst\u00e4ndig in der VertiGIS LM Cloud gef\u00fchrt. Das Vorhaben z\u00e4hlt zu den strategisch bedeutendsten Digitalisierungsinitiativen und setzt neue Ma\u00dfst\u00e4be f\u00fcr Cloud-Transformation in der \u00f6ffentlichen Verwaltung.<\/p>\n\n\n\n<p class=\"wp-block-paragraph\">Im Fokus stehen digitale Souver\u00e4nit\u00e4t, klar definierte h\u00f6chste Sicherheitsstandards sowie ein vollst\u00e4ndig standardisierter und auditierbarer Betrieb. Durch die intelligente Kombination aus Managed Cloud Services und moderner Cloud-Architektur profitiert das LGLN von maximaler Betriebssicherheit, deutlich reduzierter Komplexit\u00e4t und einer optimierten Kosten- und Ressourcenstruktur. Gleichzeitig entsteht eine hochskalierbare Plattform, die flexibel auf zuk\u00fcnftige Anforderungen reagieren kann und Innovation sowie den langfristigen, sicheren Betrieb zentraler Fachverfahren unterst\u00fctzt.<\/p>\n\n\n\n<p class=\"wp-block-paragraph\">\u201eWir vertrauen auf die Leistungsf\u00e4higkeit der VertiGIS LM Cloud. Dabei erwarten wir nicht nur Stabilit\u00e4t und Performance. Die Cloud soll eine neue Qualit\u00e4t an Effizienz, Verf\u00fcgbarkeit, Transparenz und Steuerbarkeit in unserem IT-Betrieb erm\u00f6glichen\u201c, sagt Thomas Schaefer, Direktor des Landesbetriebs Landesvermessung und Geoinformation im LGLN.<\/p>\n\n\n\n<p class=\"wp-block-paragraph\">\u201eMit der VertiGIS LM Cloud und unserer jahrzehntelangen Expertise im Kataster- und Vermessungswesen haben wir uns als verl\u00e4sslicher Partner f\u00fcr \u00f6ffentliche Verwaltungen etabliert. Der Zuschlag des LGLN best\u00e4tigt das Vertrauen in unsere Leistungsf\u00e4higkeit sowie in die Zukunftsf\u00e4higkeit unserer modernen, sicheren und skalierbaren Cloud-Plattform\u201c, sagt Elmar Happ, VP Land Management\/Managing Director bei VertiGIS.<\/p>\n","protected":false},"featured_media":4263,"parent":0,"template":"","meta":{"_acf_changed":false,"_EventAllDay":false,"_EventTimezone":"","_EventStartDate":"","_EventEndDate":"","_EventStartDateUTC":"","_EventEndDateUTC":"","_EventShowMap":false,"_EventShowMapLink":false,"_EventURL":"","_EventCost":"","_EventCostDescription":"","_EventCurrencySymbol":"","_EventCurrencyCode":"","_EventCurrencyPosition":"","_EventDateTimeSeparator":"","_EventTimeRangeSeparator":"","_EventOrganizerID":[],"_EventVenueID":[],"_OrganizerEmail":"","_OrganizerPhone":"","_OrganizerWebsite":"","_VenueAddress":"","_VenueCity":"","_VenueCountry":"","_VenueProvince":"","_VenueState":"","_VenueZip":"","_VenuePhone":"","_VenueURL":"","_VenueStateProvince":"","_VenueLat":"","_VenueLng":"","_VenueShowMap":false,"_VenueShowMapLink":false},"industry":[386],"product":[],"class_list":["post-140053","news","type-news","status-publish","has-post-thumbnail","hentry","industry-oeffentliche-verwaltung"],"acf":[],"yoast_head":"<!-- This site is optimized with the Yoast SEO Premium plugin v28.2 (Yoast SEO v28.2) - https:\/\/yoast.com\/product\/yoast-seo-premium-wordpress\/ -->\n<title>Niedersachsen l\u00e4utet neue \u00c4ra im Betrieb von Geobasisdaten ein<\/title>\n<meta name=\"description\" content=\"LGLN setzt auf die VertiGIS LM Cloud f\u00fcr den sicheren Betrieb von Geobasisdaten und treibt die digitale Verwaltung in Niedersachsen voran.\" \/>\n<meta name=\"robots\" content=\"index, follow, max-snippet:-1, max-image-preview:large, max-video-preview:-1\" \/>\n<link rel=\"canonical\" href=\"https:\/\/www.vertigis.com\/de\/news\/niedersachsen-laeutet-neue-aera-im-betrieb-von-geobasisdaten-ein\/\" \/>\n<meta property=\"og:locale\" content=\"de_DE\" \/>\n<meta property=\"og:type\" content=\"article\" \/>\n<meta property=\"og:title\" content=\"Niedersachsen l\u00e4utet neue \u00c4ra im Betrieb von Geobasisdaten ein\" \/>\n<meta property=\"og:description\" content=\"LGLN setzt auf die VertiGIS LM Cloud f\u00fcr den sicheren Betrieb von Geobasisdaten und treibt die digitale Verwaltung in Niedersachsen voran.\" \/>\n<meta property=\"og:url\" content=\"https:\/\/www.vertigis.com\/de\/news\/niedersachsen-laeutet-neue-aera-im-betrieb-von-geobasisdaten-ein\/\" \/>\n<meta property=\"og:site_name\" content=\"VertiGIS\" \/>\n<meta property=\"article:modified_time\" content=\"2026-09-01T07:14:09+00:00\" \/>\n<meta property=\"og:image\" content=\"https:\/\/www.vertigis.com\/wp-content\/uploads\/2021\/04\/AdobeStock_260280484-scaled.jpeg\" \/>\n\t<meta property=\"og:image:width\" content=\"2560\" \/>\n\t<meta property=\"og:image:height\" content=\"1440\" \/>\n\t<meta property=\"og:image:type\" content=\"image\/jpeg\" \/>\n<meta name=\"twitter:card\" content=\"summary_large_image\" \/>\n<meta name=\"twitter:label1\" content=\"Gesch\u00e4tzte Lesezeit\" \/>\n\t<meta name=\"twitter:data1\" content=\"2\u00a0Minuten\" \/>\n<script type=\"application\/ld+json\" class=\"yoast-schema-graph\">{\"@context\":\"https:\\\/\\\/schema.org\",\"@graph\":[{\"@type\":\"WebPage\",\"@id\":\"https:\\\/\\\/www.vertigis.com\\\/de\\\/news\\\/niedersachsen-laeutet-neue-aera-im-betrieb-von-geobasisdaten-ein\\\/\",\"url\":\"https:\\\/\\\/www.vertigis.com\\\/de\\\/news\\\/niedersachsen-laeutet-neue-aera-im-betrieb-von-geobasisdaten-ein\\\/\",\"name\":\"Niedersachsen l\u00e4utet neue \u00c4ra im Betrieb von Geobasisdaten ein\",\"isPartOf\":{\"@id\":\"https:\\\/\\\/www.vertigis.com\\\/de\\\/#website\"},\"primaryImageOfPage\":{\"@id\":\"https:\\\/\\\/www.vertigis.com\\\/de\\\/news\\\/niedersachsen-laeutet-neue-aera-im-betrieb-von-geobasisdaten-ein\\\/#primaryimage\"},\"image\":{\"@id\":\"https:\\\/\\\/www.vertigis.com\\\/de\\\/news\\\/niedersachsen-laeutet-neue-aera-im-betrieb-von-geobasisdaten-ein\\\/#primaryimage\"},\"thumbnailUrl\":\"https:\\\/\\\/www.vertigis.com\\\/wp-content\\\/uploads\\\/2021\\\/04\\\/AdobeStock_260280484-scaled.jpeg\",\"datePublished\":\"2026-09-01T07:14:05+00:00\",\"dateModified\":\"2026-09-01T07:14:09+00:00\",\"description\":\"LGLN setzt auf die VertiGIS LM Cloud f\u00fcr den sicheren Betrieb von Geobasisdaten und treibt die digitale Verwaltung in Niedersachsen voran.\",\"breadcrumb\":{\"@id\":\"https:\\\/\\\/www.vertigis.com\\\/de\\\/news\\\/niedersachsen-laeutet-neue-aera-im-betrieb-von-geobasisdaten-ein\\\/#breadcrumb\"},\"inLanguage\":\"de\",\"potentialAction\":[{\"@type\":\"ReadAction\",\"target\":[\"https:\\\/\\\/www.vertigis.com\\\/de\\\/news\\\/niedersachsen-laeutet-neue-aera-im-betrieb-von-geobasisdaten-ein\\\/\"]}]},{\"@type\":\"ImageObject\",\"inLanguage\":\"de\",\"@id\":\"https:\\\/\\\/www.vertigis.com\\\/de\\\/news\\\/niedersachsen-laeutet-neue-aera-im-betrieb-von-geobasisdaten-ein\\\/#primaryimage\",\"url\":\"https:\\\/\\\/www.vertigis.com\\\/wp-content\\\/uploads\\\/2021\\\/04\\\/AdobeStock_260280484-scaled.jpeg\",\"contentUrl\":\"https:\\\/\\\/www.vertigis.com\\\/wp-content\\\/uploads\\\/2021\\\/04\\\/AdobeStock_260280484-scaled.jpeg\",\"width\":2560,\"height\":1440,\"caption\":\"In Dark Data Center: Male IT Specialist Stands Beside the Row of Operational Server Racks, Uses Laptop for Maintenance. Concept for Cloud Computing, Artificial Intelligence, Supercomputer, Cybersecurity. Neon Lights\"},{\"@type\":\"BreadcrumbList\",\"@id\":\"https:\\\/\\\/www.vertigis.com\\\/de\\\/news\\\/niedersachsen-laeutet-neue-aera-im-betrieb-von-geobasisdaten-ein\\\/#breadcrumb\",\"itemListElement\":[{\"@type\":\"ListItem\",\"position\":1,\"name\":\"News Posts\",\"item\":\"https:\\\/\\\/www.vertigis.com\\\/de\\\/news\\\/\"},{\"@type\":\"ListItem\",\"position\":2,\"name\":\"Niedersachsen l\u00e4utet neue \u00c4ra im Betrieb von Geobasisdaten ein\"}]},{\"@type\":\"WebSite\",\"@id\":\"https:\\\/\\\/www.vertigis.com\\\/de\\\/#website\",\"url\":\"https:\\\/\\\/www.vertigis.com\\\/de\\\/\",\"name\":\"VertiGIS\",\"description\":\"Enterprise spatial asset management solutions\",\"publisher\":{\"@id\":\"https:\\\/\\\/www.vertigis.com\\\/de\\\/#organization\"},\"potentialAction\":[{\"@type\":\"SearchAction\",\"target\":{\"@type\":\"EntryPoint\",\"urlTemplate\":\"https:\\\/\\\/www.vertigis.com\\\/de\\\/?s={search_term_string}\"},\"query-input\":{\"@type\":\"PropertyValueSpecification\",\"valueRequired\":true,\"valueName\":\"search_term_string\"}}],\"inLanguage\":\"de\"},{\"@type\":\"Organization\",\"@id\":\"https:\\\/\\\/www.vertigis.com\\\/de\\\/#organization\",\"name\":\"VertiGIS\",\"url\":\"https:\\\/\\\/www.vertigis.com\\\/de\\\/\",\"logo\":{\"@type\":\"ImageObject\",\"inLanguage\":\"de\",\"@id\":\"https:\\\/\\\/www.vertigis.com\\\/de\\\/#\\\/schema\\\/logo\\\/image\\\/\",\"url\":\"https:\\\/\\\/www.vertigis.com\\\/wp-content\\\/uploads\\\/2025\\\/07\\\/VertiGIS-Studio-Logo-1-1.png\",\"contentUrl\":\"https:\\\/\\\/www.vertigis.com\\\/wp-content\\\/uploads\\\/2025\\\/07\\\/VertiGIS-Studio-Logo-1-1.png\",\"width\":823,\"height\":127,\"caption\":\"VertiGIS\"},\"image\":{\"@id\":\"https:\\\/\\\/www.vertigis.com\\\/de\\\/#\\\/schema\\\/logo\\\/image\\\/\"}}]}<\/script>\n<!-- \/ Yoast SEO Premium plugin. -->","yoast_head_json":{"title":"Niedersachsen l\u00e4utet neue \u00c4ra im Betrieb von Geobasisdaten ein","description":"LGLN setzt auf die VertiGIS LM Cloud f\u00fcr den sicheren Betrieb von Geobasisdaten und treibt die digitale Verwaltung in Niedersachsen voran.","robots":{"index":"index","follow":"follow","max-snippet":"max-snippet:-1","max-image-preview":"max-image-preview:large","max-video-preview":"max-video-preview:-1"},"canonical":"https:\/\/www.vertigis.com\/de\/news\/niedersachsen-laeutet-neue-aera-im-betrieb-von-geobasisdaten-ein\/","og_locale":"de_DE","og_type":"article","og_title":"Niedersachsen l\u00e4utet neue \u00c4ra im Betrieb von Geobasisdaten ein","og_description":"LGLN setzt auf die VertiGIS LM Cloud f\u00fcr den sicheren Betrieb von Geobasisdaten und treibt die digitale Verwaltung in Niedersachsen voran.","og_url":"https:\/\/www.vertigis.com\/de\/news\/niedersachsen-laeutet-neue-aera-im-betrieb-von-geobasisdaten-ein\/","og_site_name":"VertiGIS","article_modified_time":"2026-09-01T07:14:09+00:00","og_image":[{"width":2560,"height":1440,"url":"https:\/\/www.vertigis.com\/wp-content\/uploads\/2021\/04\/AdobeStock_260280484-scaled.jpeg","type":"image\/jpeg"}],"twitter_card":"summary_large_image","twitter_misc":{"Gesch\u00e4tzte Lesezeit":"2\u00a0Minuten"},"schema":{"@context":"https:\/\/schema.org","@graph":[{"@type":"WebPage","@id":"https:\/\/www.vertigis.com\/de\/news\/niedersachsen-laeutet-neue-aera-im-betrieb-von-geobasisdaten-ein\/","url":"https:\/\/www.vertigis.com\/de\/news\/niedersachsen-laeutet-neue-aera-im-betrieb-von-geobasisdaten-ein\/","name":"Niedersachsen l\u00e4utet neue \u00c4ra im Betrieb von Geobasisdaten ein","isPartOf":{"@id":"https:\/\/www.vertigis.com\/de\/#website"},"primaryImageOfPage":{"@id":"https:\/\/www.vertigis.com\/de\/news\/niedersachsen-laeutet-neue-aera-im-betrieb-von-geobasisdaten-ein\/#primaryimage"},"image":{"@id":"https:\/\/www.vertigis.com\/de\/news\/niedersachsen-laeutet-neue-aera-im-betrieb-von-geobasisdaten-ein\/#primaryimage"},"thumbnailUrl":"https:\/\/www.vertigis.com\/wp-content\/uploads\/2021\/04\/AdobeStock_260280484-scaled.jpeg","datePublished":"2026-09-01T07:14:05+00:00","dateModified":"2026-09-01T07:14:09+00:00","description":"LGLN setzt auf die VertiGIS LM Cloud f\u00fcr den sicheren Betrieb von Geobasisdaten und treibt die digitale Verwaltung in Niedersachsen voran.","breadcrumb":{"@id":"https:\/\/www.vertigis.com\/de\/news\/niedersachsen-laeutet-neue-aera-im-betrieb-von-geobasisdaten-ein\/#breadcrumb"},"inLanguage":"de","potentialAction":[{"@type":"ReadAction","target":["https:\/\/www.vertigis.com\/de\/news\/niedersachsen-laeutet-neue-aera-im-betrieb-von-geobasisdaten-ein\/"]}]},{"@type":"ImageObject","inLanguage":"de","@id":"https:\/\/www.vertigis.com\/de\/news\/niedersachsen-laeutet-neue-aera-im-betrieb-von-geobasisdaten-ein\/#primaryimage","url":"https:\/\/www.vertigis.com\/wp-content\/uploads\/2021\/04\/AdobeStock_260280484-scaled.jpeg","contentUrl":"https:\/\/www.vertigis.com\/wp-content\/uploads\/2021\/04\/AdobeStock_260280484-scaled.jpeg","width":2560,"height":1440,"caption":"In Dark Data Center: Male IT Specialist Stands Beside the Row of Operational Server Racks, Uses Laptop for Maintenance. Concept for Cloud Computing, Artificial Intelligence, Supercomputer, Cybersecurity. Neon Lights"},{"@type":"BreadcrumbList","@id":"https:\/\/www.vertigis.com\/de\/news\/niedersachsen-laeutet-neue-aera-im-betrieb-von-geobasisdaten-ein\/#breadcrumb","itemListElement":[{"@type":"ListItem","position":1,"name":"News Posts","item":"https:\/\/www.vertigis.com\/de\/news\/"},{"@type":"ListItem","position":2,"name":"Niedersachsen l\u00e4utet neue \u00c4ra im Betrieb von Geobasisdaten ein"}]},{"@type":"WebSite","@id":"https:\/\/www.vertigis.com\/de\/#website","url":"https:\/\/www.vertigis.com\/de\/","name":"VertiGIS","description":"Enterprise spatial asset management solutions","publisher":{"@id":"https:\/\/www.vertigis.com\/de\/#organization"},"potentialAction":[{"@type":"SearchAction","target":{"@type":"EntryPoint","urlTemplate":"https:\/\/www.vertigis.com\/de\/?s={search_term_string}"},"query-input":{"@type":"PropertyValueSpecification","valueRequired":true,"valueName":"search_term_string"}}],"inLanguage":"de"},{"@type":"Organization","@id":"https:\/\/www.vertigis.com\/de\/#organization","name":"VertiGIS","url":"https:\/\/www.vertigis.com\/de\/","logo":{"@type":"ImageObject","inLanguage":"de","@id":"https:\/\/www.vertigis.com\/de\/#\/schema\/logo\/image\/","url":"https:\/\/www.vertigis.com\/wp-content\/uploads\/2025\/07\/VertiGIS-Studio-Logo-1-1.png","contentUrl":"https:\/\/www.vertigis.com\/wp-content\/uploads\/2025\/07\/VertiGIS-Studio-Logo-1-1.png","width":823,"height":127,"caption":"VertiGIS"},"image":{"@id":"https:\/\/www.vertigis.com\/de\/#\/schema\/logo\/image\/"}}]}},"_links":{"self":[{"href":"https:\/\/www.vertigis.com\/de\/wp-json\/wp\/v2\/news\/140053","targetHints":{"allow":["GET"]}}],"collection":[{"href":"https:\/\/www.vertigis.com\/de\/wp-json\/wp\/v2\/news"}],"about":[{"href":"https:\/\/www.vertigis.com\/de\/wp-json\/wp\/v2\/types\/news"}],"wp:featuredmedia":[{"embeddable":true,"href":"https:\/\/www.vertigis.com\/de\/wp-json\/wp\/v2\/media\/4263"}],"wp:attachment":[{"href":"https:\/\/www.vertigis.com\/de\/wp-json\/wp\/v2\/media?parent=140053"}],"wp:term":[{"taxonomy":"industry","embeddable":true,"href":"https:\/\/www.vertigis.com\/de\/wp-json\/wp\/v2\/industry?post=140053"},{"taxonomy":"product","embeddable":true,"href":"https:\/\/www.vertigis.com\/de\/wp-json\/wp\/v2\/product?post=140053"}],"curies":[{"name":"wp","href":"https:\/\/api.w.org\/{rel}","templated":true}]}}