{"id":140002,"date":"2026-08-31T00:32:17","date_gmt":"2026-08-31T07:32:17","guid":{"rendered":"https:\/\/www.vertigis.com\/?post_type=vertigis_blog&#038;p=140002"},"modified":"2026-08-31T01:16:19","modified_gmt":"2026-08-31T08:16:19","slug":"xplanung-von-verteilten-plandaten-zu-transparenter-raumplanung","status":"publish","type":"vertigis_blog","link":"https:\/\/www.vertigis.com\/de\/vertigis_blog\/xplanung-von-verteilten-plandaten-zu-transparenter-raumplanung\/","title":{"rendered":"Von verteilten Plandaten zu transparenter Raumplanung\u00a0mit\u00a0XPlanung\u00a0"},"content":{"rendered":"\n<h4 id=\"h-wie-kommunen-bauleitplanung-bebauungsplane-flachennutzungsplane-und-weitere-planinformationen-mit-nbsp-xplanung-nbsp-effizient-verwalten-und-veroffentlichen-nbsp\" class=\"wp-block-heading\"><strong>Wie Kommunen Bauleitplanung, Bebauungspl\u00e4ne, Fl\u00e4chennutzungspl\u00e4ne und weitere Planinformationen mit&nbsp;XPlanung&nbsp;effizient verwalten und ver\u00f6ffentlichen.<\/strong>&nbsp;<\/h4>\n\n\n\n<p class=\"wp-block-paragraph\"><em>Info:&nbsp;Dieser Artikel bezieht sich auf die Raumplanung in Deutschland. F\u00fcr die Raumplanung in \u00d6sterreich ist eine eigene L\u00f6sung geplant, die wir separat kommunizieren werden.<\/em>&nbsp;<\/p>\n\n\n\n<h4 id=\"h-warum-klassische-planungsprozesse-an-ihre-grenzen-stossen-nbsp\" class=\"wp-block-heading\">Warum klassische Planungsprozesse an ihre Grenzen sto\u00dfen&nbsp;<\/h4>\n\n\n\n<p class=\"wp-block-paragraph\">Die moderne Raumplanung&nbsp;\u2013 insbesondere die kommunale Bauleitplanung mit Bebauungspl\u00e4nen (B-Pl\u00e4nen) und Fl\u00e4chennutzungspl\u00e4nen (FNP) \u2013&nbsp;ist datenintensiv&nbsp;und&nbsp;durch zunehmend&nbsp;komplexe Prozesse sowie gesetzlichen&nbsp;Vorgaben gepr\u00e4gt.&nbsp;Kommunen und Planungsbeh\u00f6rden m\u00fcssen heute nicht nur Pl\u00e4ne erstellen und fortf\u00fchren, sondern diese auch nachvollziehbar dokumentieren, validieren, bereitstellen und&nbsp;f\u00fcr verschiedene Zielgruppen \u2013 einschlie\u00dflich der \u00d6ffentlichkeit \u2013&nbsp;nutzbar machen.&nbsp;<\/p>\n\n\n\n<p class=\"wp-block-paragraph\">In der Praxis entstehen dabei h\u00e4ufig Medienbr\u00fcche:&nbsp;Plandaten liegen in unterschiedlichen Formaten vor und entsprechen nicht immer den Anforderungen des&nbsp;XPlanung-Standards&nbsp;bzw.&nbsp;dem Datenaustauschformat&nbsp;XPlanGML.&nbsp;Informationen werden zwischen Fachbereichen, externen Dienstleistern und Verwaltungseinheiten ausgetauscht, und&nbsp;oft ist&nbsp;dabei&nbsp;nicht eindeutig nachvollziehbar, welche Version eines Plans aktuell oder verbindlich ist.&nbsp;<\/p>\n\n\n\n<p class=\"wp-block-paragraph\">Die nachtr\u00e4gliche Pr\u00fcfung, Bereinigung und standardkonforme Aufbereitung dieser Daten&nbsp;ist&nbsp;oft mit erheblichem Aufwand verbunden.&nbsp;Die Folge: Prozesse dauern l\u00e4nger, Abstimmungen werden komplexer und die Qualit\u00e4t sowie Nachvollziehbarkeit von Planinformationen&nbsp;nehmen ab.&nbsp;<\/p>\n\n\n\n<h4 id=\"h-der-ideale-digitale-planungsprozess-vom-planentwurf-bis-zur-veroffentlichung-nbsp\" class=\"wp-block-heading\">Der ideale digitale Planungsprozess \u2013 vom Planentwurf bis zur Ver\u00f6ffentlichung&nbsp;<\/h4>\n\n\n\n<p class=\"wp-block-paragraph\">Eine zeitgem\u00e4\u00dfe Planung basiert auf einem durchg\u00e4ngigen digitalen Prozess \u2013 von der Erstellung eines Planentwurfs \u00fcber die Qualit\u00e4tssicherung bis hin zur Ver\u00f6ffentlichung.&nbsp;Dabei sollten die folgenden 3 Schritte nahtlos&nbsp;ineinandergreifen:&nbsp;<\/p>\n\n\n\n<ol class=\"wp-block-list\">\n<li><strong>Verwalten:&nbsp;<\/strong>Planungsdaten und zugeh\u00f6rige Informationen sollten zentral verwaltet werden, damit jederzeit nachvollziehbar bleibt, welche Planst\u00e4nde aktuell sind und&nbsp;welche Datengrundlage Entscheidungen bildet.&nbsp;<\/li>\n\n\n\n<li><strong>Erfassen:<\/strong>&nbsp;Ebenso wichtig ist die Qualit\u00e4t der Daten. Werden Planungsinformationen bereits w\u00e4hrend der Bearbeitung strukturiert erfasst und automatisiert auf Vollst\u00e4ndigkeit sowie Standardkonformit\u00e4t gepr\u00fcft, lassen sich Fehler fr\u00fchzeitig vermeiden. Das schafft eine verl\u00e4ssliche Grundlage f\u00fcr die Zusammenarbeit zwischen Fachbereichen und erleichtert die Weiterverwendung der Daten in nachgelagerten Prozessen.&nbsp;<\/li>\n\n\n\n<li><strong>Beauskunften:&nbsp;<\/strong>Den Abschluss bildet die Bereitstellung der Informationen f\u00fcr unterschiedliche Zielgruppen. Planungsdaten sollten nicht nur intern verf\u00fcgbar sein, sondern&nbsp;auch Fachabteilungen, Beh\u00f6rden, Projektbeteiligten und der \u00d6ffentlichkeit verst\u00e4ndlich und leicht zug\u00e4nglich&nbsp;bereitgestellt werden. So entstehen transparente Planungsprozesse, eine bessere Zusammenarbeit aller Beteiligten und&nbsp;eine h\u00f6here&nbsp;Akzeptanz f\u00fcr planerische Entscheidungen.&nbsp;<\/li>\n<\/ol>\n\n\n\n<figure class=\"wp-block-image size-full is-resized\"><img loading=\"lazy\" decoding=\"async\" width=\"906\" height=\"531\" src=\"https:\/\/www.vertigis.com\/wp-content\/uploads\/2026\/08\/image.png\" alt=\"\" class=\"wp-image-140003\" style=\"aspect-ratio:1.7062188476945503;width:815px;height:auto\" srcset=\"https:\/\/www.vertigis.com\/wp-content\/uploads\/2026\/08\/image.png 906w, https:\/\/www.vertigis.com\/wp-content\/uploads\/2026\/08\/image-300x176.png 300w, https:\/\/www.vertigis.com\/wp-content\/uploads\/2026\/08\/image-400x234.png 400w, https:\/\/www.vertigis.com\/wp-content\/uploads\/2026\/08\/image-800x469.png 800w\" sizes=\"auto, (max-width: 906px) 100vw, 906px\" \/><\/figure>\n\n\n\n<p class=\"has-small-font-size wp-block-paragraph\">Abbildung:&nbsp;Verwalten, Erfassen und Beauskunften&nbsp;als&nbsp;digitaler&nbsp;Gesamtprozess&nbsp;&nbsp;<\/p>\n\n\n\n<h4 id=\"h-eine-nbsp-durchgangige-losung-fur-digitale-raumplanung-nbsp\" class=\"wp-block-heading\">Eine&nbsp;durchg\u00e4ngige L\u00f6sung f\u00fcr digitale Raumplanung&nbsp;<\/h4>\n\n\n\n<p class=\"wp-block-paragraph\">Von der digitalen Bauleitplanung\u00a0\u00fcber die\u00a0Verwaltung von Bebauungspl\u00e4nen, Fl\u00e4chennutzungspl\u00e4nen und weiteren Planwerken\u00a0bis zur transparenten Ver\u00f6ffentlichung von Planinformationen \u2013\u00a0mit <a href=\"https:\/\/www.vertigis.com\/de\/urban-planning\/\">VertiGIS Urban\u00a0Planning<\/a>\u00a0unterst\u00fctzen\u00a0wir\u00a0Kommunen und Planungsorganisationen\u00a0entlang des gesamten Planungsprozesses.\u00a0Dadurch entstehen durchg\u00e4ngige, standardisierte und zukunftssichere Abl\u00e4ufe f\u00fcr die Erstellung, Verwaltung und Bereitstellung von Bebauungspl\u00e4nen, Fl\u00e4chennutzungspl\u00e4nen und weiteren raumbezogenen Planwerken.\u00a0<\/p>\n\n\n\n<figure class=\"wp-block-image size-full is-resized\"><img loading=\"lazy\" decoding=\"async\" width=\"906\" height=\"528\" src=\"https:\/\/www.vertigis.com\/wp-content\/uploads\/2026\/08\/image-3.png\" alt=\"\" class=\"wp-image-140009\" style=\"aspect-ratio:1.7159199522624111;width:823px;height:auto\" srcset=\"https:\/\/www.vertigis.com\/wp-content\/uploads\/2026\/08\/image-3.png 906w, https:\/\/www.vertigis.com\/wp-content\/uploads\/2026\/08\/image-3-300x175.png 300w, https:\/\/www.vertigis.com\/wp-content\/uploads\/2026\/08\/image-3-400x233.png 400w, https:\/\/www.vertigis.com\/wp-content\/uploads\/2026\/08\/image-3-800x466.png 800w\" sizes=\"auto, (max-width: 906px) 100vw, 906px\" \/><\/figure>\n\n\n\n<p class=\"has-small-font-size wp-block-paragraph\">Abbildung:&nbsp;VertiGIS Urban&nbsp;Planning&nbsp;\u2013&nbsp;eine&nbsp;integrierte L\u00f6sung&nbsp;f\u00fcr alle Fachabl\u00e4ufe&nbsp;<\/p>\n\n\n\n<p class=\"wp-block-paragraph\">Technologisch baut VertiGIS Urban&nbsp;Planning&nbsp;auf Esri ArcGIS Enterprise&nbsp;und&nbsp;ArcGIS Pro&nbsp;als&nbsp;GIS-Basistechnologie,&nbsp;auf&nbsp;Planung XQ von IP-SYSCON&nbsp;f\u00fcr die Fachabl\u00e4ufe&nbsp;sowie auf&nbsp;VertiGIS Studio Desktop und Web&nbsp;als&nbsp;intuitiv&nbsp;bedienbare Benutzeroberfl\u00e4chen f\u00fcr&nbsp;die Bearbeitung und&nbsp;Auskunftserteilung&nbsp;auf.&nbsp;<\/p>\n\n\n\n<p class=\"wp-block-paragraph\">Unsere\u00a0Kombination aus fachlicher Expertise\u00a0und moderner GIS-Technologie schafft einen echten Mehrwert, besonders\u00a0gesch\u00e4tzt werden von Kunden\u00a0die\u00a0folgenden\u00a0Vorteile:\u00a0<br><\/p>\n\n\n\n<ol start=\"1\" class=\"wp-block-list\">\n<li><strong>Mehr Effizienz durch digitale Prozesse<\/strong>&nbsp;<br>Durch die digitale Abbildung zentraler Planungsschritte lassen sich manuelle Aufw\u00e4nde reduzieren und Abstimmungsprozesse vereinfachen. Informationen stehen&nbsp;strukturiert und zentral&nbsp;zur Verf\u00fcgung und k\u00f6nnen leichter gepflegt, gepr\u00fcft und weitergegeben werden.&nbsp;<\/li>\n\n\n\n<li><strong>Bessere Datenqualit\u00e4t und vereinfachter Datenaustausch<\/strong>&nbsp;<br>Die Unterst\u00fctzung von&nbsp;XPlanung&nbsp;und relevanten Fachschemen schafft eine wichtige Grundlage f\u00fcr einheitliche, standardisierte und besser austauschbare Planungsdaten. Das erleichtert die Zusammenarbeit zwischen Verwaltung, Fachbereichen und externen Partnern.&nbsp;<\/li>\n\n\n\n<li><strong>Mehr Transparenz und B\u00fcrgern\u00e4he<\/strong>&nbsp;<br>Planinformationen k\u00f6nnen gezielter bereitgestellt und verst\u00e4ndlicher kommuniziert werden. Das unterst\u00fctzt nicht nur interne Arbeitsprozesse, sondern&nbsp;f\u00f6rdert auch eine transparente Kommunikation mit B\u00fcrgerinnen und B\u00fcrgern.&nbsp;<\/li>\n\n\n\n<li><strong>Zukunftssichere Unterst\u00fctzung verbindlicher Standards<\/strong>&nbsp;<br>VertiGIS Urban&nbsp;Planning&nbsp;ber\u00fccksichtigt nicht nur den Standard&nbsp;XPlanung, sondern unterst\u00fctzt auch Anforderungen im Zusammenhang mit verbindlichen gesetzlichen Vorgaben \u2013 beispielsweise&nbsp;bei&nbsp;der \u00f6ffentlichen Auslegung nach \u00a7 3 Abs. 2 BauGB&nbsp;sowie weiteren Anforderungen der digitalen Bauleitplanung.&nbsp;<\/li>\n<\/ol>\n\n\n\n<h4 id=\"h-jetzt-nbsp-demo-anfordern-nbsp\" class=\"wp-block-heading\">Jetzt&nbsp;Demo anfordern&nbsp;<\/h4>\n\n\n\n<p class=\"wp-block-paragraph\">Erfahren Sie, wie Sie Ihre Bauleitplanung, Bebauungspl\u00e4ne und Fl\u00e4chennutzungspl\u00e4ne effizient digital verwalten und&nbsp;XPlanung&nbsp;einfach umsetzen.&nbsp;Vereinbaren Sie ein pers\u00f6nliches Beratungsgespr\u00e4ch oder erleben Sie die L\u00f6sung in einer Live-Demonstration.&nbsp;&nbsp;<\/p>\n\n\n\n<div style=\"height:30px\" aria-hidden=\"true\" id=\"contact-form-on-page\" class=\"wp-block-spacer\"><\/div>\n\n\n\n<div class=\"wp-block-columns wp-block-columns-padding-zero-rg is-layout-flex wp-container-core-columns-is-layout-8f761849 wp-block-columns-is-layout-flex\">\n<div class=\"wp-block-column is-layout-flow wp-block-column-is-layout-flow\">\n<style>\n\n\/* INFO: Pattern to add the Act-On contact form at the bottom of a page (German version) *\/\n\n.ao-textarea-block textarea {height: 122px;} \/* Adjust Act-On comment text box height *\/\n\n.home-request-a-demo p {max-width: 625px;} \/* better fit for german text lengt *\/\n\n.wp-block-columns-padding-zero-rg {padding: 0 0px !important; margin-left: -20px; margin-right: -20px;} \/* align form to text *\/\n\n\n<\/style>\n\n<div class=\"central-form-rg\">\n\n<script type=\"text\/javascript\">var aoAdBlockDetected = true;<\/script>\n<script type=\"text\/javascript\" src=\"\/\/success.vertigis.com\/acton\/content\/aoAdDetect.js\"><\/script>\n<script type=\"text\/javascript\">window.addEventListener(\"load\",function(){if(aoAdBlockDetected){var t=document.createElement(\"div\"),o=document.createElement(\"div\"),e=document.createElement(\"div\"),n=document.createElement(\"div\"),d=document.createElement(\"button\"),i=\"<h1 style=\\\"text-align: center; line-height: 21px; color: #444444;\\\"><span style=\\\"font-family: 'helvetica neue', helvetica, arial, sans-serif;\\\"><strong style=\\\"font-weight: bold;\\\"><span style=\\\"white-space: pre-wrap; font-size: 18pt;\\\">It looks like you\u2019re using an AdBlocker<\/span><\/strong><\/span><\/h1> <p style=\\\"text-align: center; line-height: 20px; color: #444444;\\\"><span style=\\\"font-family: 'helvetica neue', helvetica, arial, sans-serif; color: #767676;\\\"><span style=\\\"white-space: pre-wrap; font-size: 18pt;\\\"><span style=\\\"white-space: pre-wrap;\\\"><span style=\\\"font-size: 14pt;\\\">Some of the forms and images on this page may not work correctly with this enabled. Please disable your ad blocker for this page.<\/span> <\/span><\/span><\/span><\/p> <p style=\\\"text-align: left; line-height: 20px; color: #444444;\\\"><span style=\\\"font-size: 14pt;\\\"><strong style=\\\"font-weight: 500;\\\"><span style=\\\"font-family: 'helvetica neue', helvetica, arial, sans-serif;\\\"><span style=\\\"white-space: pre-wrap;\\\"><span style=\\\"white-space: pre-wrap;\\\">Instructions<\/span><\/span><\/span><\/strong><\/span><\/p> <p style=\\\"text-align: left; line-height: 20px; color: #444444;\\\"><span style=\\\"font-size: 14pt;\\\"><strong style=\\\"font-weight: 500;\\\"><span style=\\\"font-family: 'helvetica neue', helvetica, arial, sans-serif;\\\"><span style=\\\"white-space: pre-wrap;\\\"><span style=\\\"white-space: pre-wrap;\\\">1. Find the ad blocker icon installed on your browser.<\/span><\/span><\/span><\/strong><\/span><\/p> <p style=\\\"text-align: left; line-height: 20px; color: #444444;\\\"><span style=\\\"font-size: 14pt;\\\"><span style=\\\"font-family: 'helvetica neue', helvetica, arial, sans-serif;\\\"><span style=\\\"white-space: pre-wrap;\\\"><span style=\\\"white-space: pre-wrap;\\\">This icon is usually located on the upper right side of your screen. You may have more than one ad blocker installed.<\/span><\/span><\/span><\/span><\/p> <p style=\\\"text-align: left; line-height: 20px; color: #444444;\\\"><strong style=\\\"font-weight: 500;\\\"><span style=\\\"font-size: 14pt;\\\"><span style=\\\"font-family: 'helvetica neue', helvetica, arial, sans-serif;\\\"><span style=\\\"white-space: pre-wrap;\\\"><span style=\\\"white-space: pre-wrap;\\\">2. Click the icon and disable the ad blocker for this website.<\/span><\/span><\/span><\/span><\/strong><\/p> <p style=\\\"text-align: left; line-height: 20px; color: #444444;\\\"><strong style=\\\"font-weight: 500;\\\"><span style=\\\"font-size: 14pt;\\\"><span style=\\\"font-family: 'helvetica neue', helvetica, arial, sans-serif;\\\"><span style=\\\"white-space: pre-wrap;\\\"><span style=\\\"white-space: pre-wrap;\\\">3. Refresh this website page, either by following prompts or clicking your browser\u2019s \u201crefresh\u201d or \u201creload\u201d button.<\/span><\/span><\/span><\/span><\/strong><\/p>\";t.style.cssText=\"position:fixed;top:0;left:0;width:100vw;height:100vh;z-index:1000;background:red;background: rgba(0,0,0,0.3);\",o.style.cssText=\"position: fixed; top: 50%; left: 50%; width: 600px; max-width: 80vw; transform: translate(-50%, -50%) !important; background: #ffffff; border-width: 1px; border-radius: 4px; border-color: #444444; border-style: solid; max-height: 80vh; overflow: auto; padding: 24px 56px 0 56px;\",o.innerHTML=i,n.style.cssText=\"margin-top: 36px; margin-bottom: 24px; text-align: center;\",o.appendChild(n),d.innerHTML=\"Refresh Page\",d.style.cssText=\"cursor: pointer; padding: 12px 24px; background: #FFFFFF; border-width: 1px; color: #444444; border-color: #444444; border-radius: 4px;\",n.appendChild(d),d.addEventListener(\"click\",function(){window.location.reload()}),e.style.cssText=\"position: absolute; right: 25px; top: 25px; cursor: pointer; font-size: 14px; line-height: 14px; color: #444444\",e.innerHTML=\"&#10005;\",e.addEventListener(\"click\",function(){o.parentNode.removeChild(o),t.parentNode.removeChild(t)}),document.body.appendChild(t),t.appendChild(o),o.appendChild(e)}});<\/script>\n<script type=\"text\/javascript\" id=\"aoform-script-87d799d2-a48f-49d3-9ba1-54497771383e:d-0001\">!function(o,t,e,a){o._aoForms=o._aoForms||[],o._aoForms.push(a);var n=function(){var o=t.createElement(e);o.src=(\"https:\"==t.location.protocol?\"https:\/\/\":\"http:\/\/\")+\"success.vertigis.com\/acton\/content\/form_embed.js\",o.async=!0;for(var a=t.getElementsByTagName(e)[0],n=a.parentNode,c=document.getElementsByTagName(\"script\"),r=!1,s=0;s<c.length;s++){if(c[s].getAttribute(\"src\")==o.getAttribute(\"src\"))r=!0;}r?typeof(_aoFormLoader)!=\"undefined\"?_aoFormLoader.load({id:\"87d799d2-a48f-49d3-9ba1-54497771383e:d-0001\",accountId:\"43821\",domain:\"success.vertigis.com\",isTemp:false,noStyle:false,prefill:false}):\"\":n.insertBefore(o,a)};window.attachEvent?window.attachEvent(\"onload\",n):window.addEventListener(\"load\",n,!1),n()}(window,document,\"script\",{id:\"87d799d2-a48f-49d3-9ba1-54497771383e\",accountId:\"43821\",domain:\"success.vertigis.com\",isTemp:false,noStyle:false,prefill:false});<\/script>\n\n<\/div>\n<\/div>\n<\/div>\n","protected":false},"featured_media":135545,"parent":0,"template":"","tags":[],"blog_industry":[131],"blog_products":[],"class_list":["post-140002","vertigis_blog","type-vertigis_blog","status-publish","has-post-thumbnail","hentry","blog_industry-offentliche-verwaltung"],"acf":[],"yoast_head":"<!-- This site is optimized with the Yoast SEO Premium plugin v28.2 (Yoast SEO v28.2) - https:\/\/yoast.com\/product\/yoast-seo-premium-wordpress\/ -->\n<title>XPlanung: Von verteilten Plandaten zu transparenter Raumplanung<\/title>\n<meta name=\"description\" content=\"Wie Kommunen Bauleitplanung, Bebauungspl\u00e4ne, Fl\u00e4chennutzungspl\u00e4ne und weitere Planinformationen mit\u00a0XPlanung\u00a0effizient verwalten und ver\u00f6ffentlichen.\u00a0\" \/>\n<meta name=\"robots\" content=\"index, follow, max-snippet:-1, max-image-preview:large, max-video-preview:-1\" \/>\n<link rel=\"canonical\" href=\"https:\/\/www.vertigis.com\/de\/vertigis_blog\/xplanung-von-verteilten-plandaten-zu-transparenter-raumplanung\/\" \/>\n<meta property=\"og:locale\" content=\"de_DE\" \/>\n<meta property=\"og:type\" content=\"article\" \/>\n<meta property=\"og:title\" content=\"Von verteilten Plandaten zu transparenter Raumplanung\u00a0mit\u00a0XPlanung\u00a0\" \/>\n<meta property=\"og:description\" content=\"Wie Kommunen Bauleitplanung, Bebauungspl\u00e4ne, Fl\u00e4chennutzungspl\u00e4ne und weitere Planinformationen mit&nbsp;XPlanung&nbsp;effizient verwalten und\" \/>\n<meta property=\"og:url\" content=\"https:\/\/www.vertigis.com\/de\/vertigis_blog\/xplanung-von-verteilten-plandaten-zu-transparenter-raumplanung\/\" \/>\n<meta property=\"og:site_name\" content=\"VertiGIS\" \/>\n<meta property=\"article:modified_time\" content=\"2026-08-31T08:16:19+00:00\" \/>\n<meta property=\"og:image\" content=\"https:\/\/www.vertigis.com\/wp-content\/uploads\/2023\/04\/Banner-Product-Line-UP.jpg\" \/>\n\t<meta property=\"og:image:width\" content=\"2400\" \/>\n\t<meta property=\"og:image:height\" content=\"1603\" \/>\n\t<meta property=\"og:image:type\" content=\"image\/jpeg\" \/>\n<meta name=\"twitter:card\" content=\"summary_large_image\" \/>\n<meta name=\"twitter:label1\" content=\"Gesch\u00e4tzte Lesezeit\" \/>\n\t<meta name=\"twitter:data1\" content=\"4\u00a0Minuten\" \/>\n<script type=\"application\/ld+json\" class=\"yoast-schema-graph\">{\"@context\":\"https:\\\/\\\/schema.org\",\"@graph\":[{\"@type\":\"WebPage\",\"@id\":\"https:\\\/\\\/www.vertigis.com\\\/de\\\/vertigis_blog\\\/xplanung-von-verteilten-plandaten-zu-transparenter-raumplanung\\\/\",\"url\":\"https:\\\/\\\/www.vertigis.com\\\/de\\\/vertigis_blog\\\/xplanung-von-verteilten-plandaten-zu-transparenter-raumplanung\\\/\",\"name\":\"XPlanung: Von verteilten Plandaten zu transparenter Raumplanung\",\"isPartOf\":{\"@id\":\"https:\\\/\\\/www.vertigis.com\\\/de\\\/#website\"},\"primaryImageOfPage\":{\"@id\":\"https:\\\/\\\/www.vertigis.com\\\/de\\\/vertigis_blog\\\/xplanung-von-verteilten-plandaten-zu-transparenter-raumplanung\\\/#primaryimage\"},\"image\":{\"@id\":\"https:\\\/\\\/www.vertigis.com\\\/de\\\/vertigis_blog\\\/xplanung-von-verteilten-plandaten-zu-transparenter-raumplanung\\\/#primaryimage\"},\"thumbnailUrl\":\"https:\\\/\\\/www.vertigis.com\\\/wp-content\\\/uploads\\\/2023\\\/04\\\/Banner-Product-Line-UP.jpg\",\"datePublished\":\"2026-08-31T07:32:17+00:00\",\"dateModified\":\"2026-08-31T08:16:19+00:00\",\"description\":\"Wie Kommunen Bauleitplanung, Bebauungspl\u00e4ne, Fl\u00e4chennutzungspl\u00e4ne und weitere Planinformationen mit\u00a0XPlanung\u00a0effizient verwalten und ver\u00f6ffentlichen.\u00a0\",\"breadcrumb\":{\"@id\":\"https:\\\/\\\/www.vertigis.com\\\/de\\\/vertigis_blog\\\/xplanung-von-verteilten-plandaten-zu-transparenter-raumplanung\\\/#breadcrumb\"},\"inLanguage\":\"de\",\"potentialAction\":[{\"@type\":\"ReadAction\",\"target\":[\"https:\\\/\\\/www.vertigis.com\\\/de\\\/vertigis_blog\\\/xplanung-von-verteilten-plandaten-zu-transparenter-raumplanung\\\/\"]}]},{\"@type\":\"ImageObject\",\"inLanguage\":\"de\",\"@id\":\"https:\\\/\\\/www.vertigis.com\\\/de\\\/vertigis_blog\\\/xplanung-von-verteilten-plandaten-zu-transparenter-raumplanung\\\/#primaryimage\",\"url\":\"https:\\\/\\\/www.vertigis.com\\\/wp-content\\\/uploads\\\/2023\\\/04\\\/Banner-Product-Line-UP.jpg\",\"contentUrl\":\"https:\\\/\\\/www.vertigis.com\\\/wp-content\\\/uploads\\\/2023\\\/04\\\/Banner-Product-Line-UP.jpg\",\"width\":2400,\"height\":1603,\"caption\":\"Rechtskonforme Raumplanung | VertiGIS Urban Planning\"},{\"@type\":\"BreadcrumbList\",\"@id\":\"https:\\\/\\\/www.vertigis.com\\\/de\\\/vertigis_blog\\\/xplanung-von-verteilten-plandaten-zu-transparenter-raumplanung\\\/#breadcrumb\",\"itemListElement\":[{\"@type\":\"ListItem\",\"position\":1,\"name\":\"Posts\",\"item\":\"https:\\\/\\\/www.vertigis.com\\\/de\\\/vertigis_blog\\\/\"},{\"@type\":\"ListItem\",\"position\":2,\"name\":\"Von verteilten Plandaten zu transparenter Raumplanung\u00a0mit\u00a0XPlanung\u00a0\"}]},{\"@type\":\"WebSite\",\"@id\":\"https:\\\/\\\/www.vertigis.com\\\/de\\\/#website\",\"url\":\"https:\\\/\\\/www.vertigis.com\\\/de\\\/\",\"name\":\"VertiGIS\",\"description\":\"Enterprise spatial asset management solutions\",\"publisher\":{\"@id\":\"https:\\\/\\\/www.vertigis.com\\\/de\\\/#organization\"},\"potentialAction\":[{\"@type\":\"SearchAction\",\"target\":{\"@type\":\"EntryPoint\",\"urlTemplate\":\"https:\\\/\\\/www.vertigis.com\\\/de\\\/?s={search_term_string}\"},\"query-input\":{\"@type\":\"PropertyValueSpecification\",\"valueRequired\":true,\"valueName\":\"search_term_string\"}}],\"inLanguage\":\"de\"},{\"@type\":\"Organization\",\"@id\":\"https:\\\/\\\/www.vertigis.com\\\/de\\\/#organization\",\"name\":\"VertiGIS\",\"url\":\"https:\\\/\\\/www.vertigis.com\\\/de\\\/\",\"logo\":{\"@type\":\"ImageObject\",\"inLanguage\":\"de\",\"@id\":\"https:\\\/\\\/www.vertigis.com\\\/de\\\/#\\\/schema\\\/logo\\\/image\\\/\",\"url\":\"https:\\\/\\\/www.vertigis.com\\\/wp-content\\\/uploads\\\/2025\\\/07\\\/VertiGIS-Studio-Logo-1-1.png\",\"contentUrl\":\"https:\\\/\\\/www.vertigis.com\\\/wp-content\\\/uploads\\\/2025\\\/07\\\/VertiGIS-Studio-Logo-1-1.png\",\"width\":823,\"height\":127,\"caption\":\"VertiGIS\"},\"image\":{\"@id\":\"https:\\\/\\\/www.vertigis.com\\\/de\\\/#\\\/schema\\\/logo\\\/image\\\/\"}}]}<\/script>\n<!-- \/ Yoast SEO Premium plugin. -->","yoast_head_json":{"title":"XPlanung: Von verteilten Plandaten zu transparenter Raumplanung","description":"Wie Kommunen Bauleitplanung, Bebauungspl\u00e4ne, Fl\u00e4chennutzungspl\u00e4ne und weitere Planinformationen mit\u00a0XPlanung\u00a0effizient verwalten und ver\u00f6ffentlichen.\u00a0","robots":{"index":"index","follow":"follow","max-snippet":"max-snippet:-1","max-image-preview":"max-image-preview:large","max-video-preview":"max-video-preview:-1"},"canonical":"https:\/\/www.vertigis.com\/de\/vertigis_blog\/xplanung-von-verteilten-plandaten-zu-transparenter-raumplanung\/","og_locale":"de_DE","og_type":"article","og_title":"Von verteilten Plandaten zu transparenter Raumplanung\u00a0mit\u00a0XPlanung\u00a0","og_description":"Wie Kommunen Bauleitplanung, Bebauungspl\u00e4ne, Fl\u00e4chennutzungspl\u00e4ne und weitere Planinformationen mit&nbsp;XPlanung&nbsp;effizient verwalten und","og_url":"https:\/\/www.vertigis.com\/de\/vertigis_blog\/xplanung-von-verteilten-plandaten-zu-transparenter-raumplanung\/","og_site_name":"VertiGIS","article_modified_time":"2026-08-31T08:16:19+00:00","og_image":[{"width":2400,"height":1603,"url":"https:\/\/www.vertigis.com\/wp-content\/uploads\/2023\/04\/Banner-Product-Line-UP.jpg","type":"image\/jpeg"}],"twitter_card":"summary_large_image","twitter_misc":{"Gesch\u00e4tzte Lesezeit":"4\u00a0Minuten"},"schema":{"@context":"https:\/\/schema.org","@graph":[{"@type":"WebPage","@id":"https:\/\/www.vertigis.com\/de\/vertigis_blog\/xplanung-von-verteilten-plandaten-zu-transparenter-raumplanung\/","url":"https:\/\/www.vertigis.com\/de\/vertigis_blog\/xplanung-von-verteilten-plandaten-zu-transparenter-raumplanung\/","name":"XPlanung: Von verteilten Plandaten zu transparenter Raumplanung","isPartOf":{"@id":"https:\/\/www.vertigis.com\/de\/#website"},"primaryImageOfPage":{"@id":"https:\/\/www.vertigis.com\/de\/vertigis_blog\/xplanung-von-verteilten-plandaten-zu-transparenter-raumplanung\/#primaryimage"},"image":{"@id":"https:\/\/www.vertigis.com\/de\/vertigis_blog\/xplanung-von-verteilten-plandaten-zu-transparenter-raumplanung\/#primaryimage"},"thumbnailUrl":"https:\/\/www.vertigis.com\/wp-content\/uploads\/2023\/04\/Banner-Product-Line-UP.jpg","datePublished":"2026-08-31T07:32:17+00:00","dateModified":"2026-08-31T08:16:19+00:00","description":"Wie Kommunen Bauleitplanung, Bebauungspl\u00e4ne, Fl\u00e4chennutzungspl\u00e4ne und weitere Planinformationen mit\u00a0XPlanung\u00a0effizient verwalten und ver\u00f6ffentlichen.\u00a0","breadcrumb":{"@id":"https:\/\/www.vertigis.com\/de\/vertigis_blog\/xplanung-von-verteilten-plandaten-zu-transparenter-raumplanung\/#breadcrumb"},"inLanguage":"de","potentialAction":[{"@type":"ReadAction","target":["https:\/\/www.vertigis.com\/de\/vertigis_blog\/xplanung-von-verteilten-plandaten-zu-transparenter-raumplanung\/"]}]},{"@type":"ImageObject","inLanguage":"de","@id":"https:\/\/www.vertigis.com\/de\/vertigis_blog\/xplanung-von-verteilten-plandaten-zu-transparenter-raumplanung\/#primaryimage","url":"https:\/\/www.vertigis.com\/wp-content\/uploads\/2023\/04\/Banner-Product-Line-UP.jpg","contentUrl":"https:\/\/www.vertigis.com\/wp-content\/uploads\/2023\/04\/Banner-Product-Line-UP.jpg","width":2400,"height":1603,"caption":"Rechtskonforme Raumplanung | VertiGIS Urban Planning"},{"@type":"BreadcrumbList","@id":"https:\/\/www.vertigis.com\/de\/vertigis_blog\/xplanung-von-verteilten-plandaten-zu-transparenter-raumplanung\/#breadcrumb","itemListElement":[{"@type":"ListItem","position":1,"name":"Posts","item":"https:\/\/www.vertigis.com\/de\/vertigis_blog\/"},{"@type":"ListItem","position":2,"name":"Von verteilten Plandaten zu transparenter Raumplanung\u00a0mit\u00a0XPlanung\u00a0"}]},{"@type":"WebSite","@id":"https:\/\/www.vertigis.com\/de\/#website","url":"https:\/\/www.vertigis.com\/de\/","name":"VertiGIS","description":"Enterprise spatial asset management solutions","publisher":{"@id":"https:\/\/www.vertigis.com\/de\/#organization"},"potentialAction":[{"@type":"SearchAction","target":{"@type":"EntryPoint","urlTemplate":"https:\/\/www.vertigis.com\/de\/?s={search_term_string}"},"query-input":{"@type":"PropertyValueSpecification","valueRequired":true,"valueName":"search_term_string"}}],"inLanguage":"de"},{"@type":"Organization","@id":"https:\/\/www.vertigis.com\/de\/#organization","name":"VertiGIS","url":"https:\/\/www.vertigis.com\/de\/","logo":{"@type":"ImageObject","inLanguage":"de","@id":"https:\/\/www.vertigis.com\/de\/#\/schema\/logo\/image\/","url":"https:\/\/www.vertigis.com\/wp-content\/uploads\/2025\/07\/VertiGIS-Studio-Logo-1-1.png","contentUrl":"https:\/\/www.vertigis.com\/wp-content\/uploads\/2025\/07\/VertiGIS-Studio-Logo-1-1.png","width":823,"height":127,"caption":"VertiGIS"},"image":{"@id":"https:\/\/www.vertigis.com\/de\/#\/schema\/logo\/image\/"}}]}},"_links":{"self":[{"href":"https:\/\/www.vertigis.com\/de\/wp-json\/wp\/v2\/vertigis_blog\/140002","targetHints":{"allow":["GET"]}}],"collection":[{"href":"https:\/\/www.vertigis.com\/de\/wp-json\/wp\/v2\/vertigis_blog"}],"about":[{"href":"https:\/\/www.vertigis.com\/de\/wp-json\/wp\/v2\/types\/vertigis_blog"}],"wp:featuredmedia":[{"embeddable":true,"href":"https:\/\/www.vertigis.com\/de\/wp-json\/wp\/v2\/media\/135545"}],"wp:attachment":[{"href":"https:\/\/www.vertigis.com\/de\/wp-json\/wp\/v2\/media?parent=140002"}],"wp:term":[{"taxonomy":"post_tag","embeddable":true,"href":"https:\/\/www.vertigis.com\/de\/wp-json\/wp\/v2\/tags?post=140002"},{"taxonomy":"blog_industry","embeddable":true,"href":"https:\/\/www.vertigis.com\/de\/wp-json\/wp\/v2\/blog_industry?post=140002"},{"taxonomy":"blog_products","embeddable":true,"href":"https:\/\/www.vertigis.com\/de\/wp-json\/wp\/v2\/blog_products?post=140002"}],"curies":[{"name":"wp","href":"https:\/\/api.w.org\/{rel}","templated":true}]}}